{"id":6023,"date":"2026-04-28T10:48:52","date_gmt":"2026-04-28T08:48:52","guid":{"rendered":"https:\/\/zichlinek.eu\/?p=6023"},"modified":"2026-04-28T10:48:55","modified_gmt":"2026-04-28T08:48:55","slug":"rybarske-zavody-sobota-2-kvetna-2026","status":"publish","type":"post","link":"https:\/\/zichlinek.eu\/?p=6023","title":{"rendered":"Ryb\u00e1\u0159sk\u00e9 z\u00e1vody &#8211; sobota 2. kv\u011btna 2026"},"content":{"rendered":"\n<p>Mysliveck\u00fd spolek \u017dichl\u00ednek V\u00e1s srde\u010dn\u011b zve na tradi\u010dn\u00ed Ryb\u00e1\u0159sk\u00e9 z\u00e1vody konan\u00e9 v sobotu 2. kv\u011btna 2026 od 6:30. Hlavn\u00ed cena: DIVOK\u00c9 PRASE.<\/p>\n\n\n\n<p>&#8212;&#8212;&#8212;&#8212;&#8212;&#8212;&#8212;&#8212;&#8212;&#8212;&#8212;&#8212;&#8212;<\/p>\n\n\n\n<p>Ob\u010derstven\u00ed zaji\u0161t\u011bno, p\u0159ihl\u00e1\u0161ky do 30. dubna na uveden\u00e9m kontaktu.<\/p>\n\n\n<div class=\"wp-block-image\">\n<figure class=\"aligncenter size-large\"><img loading=\"lazy\" decoding=\"async\" width=\"1024\" height=\"724\" src=\"https:\/\/zichlinek.eu\/wp-content\/uploads\/2026\/04\/Rybarske-zavody-2.5.2026-page-001-1024x724.jpg\" alt=\"\" class=\"wp-image-6024\" srcset=\"https:\/\/zichlinek.eu\/wp-content\/uploads\/2026\/04\/Rybarske-zavody-2.5.2026-page-001-1024x724.jpg 1024w, https:\/\/zichlinek.eu\/wp-content\/uploads\/2026\/04\/Rybarske-zavody-2.5.2026-page-001-300x212.jpg 300w, https:\/\/zichlinek.eu\/wp-content\/uploads\/2026\/04\/Rybarske-zavody-2.5.2026-page-001-768x543.jpg 768w, https:\/\/zichlinek.eu\/wp-content\/uploads\/2026\/04\/Rybarske-zavody-2.5.2026-page-001-1536x1086.jpg 1536w, https:\/\/zichlinek.eu\/wp-content\/uploads\/2026\/04\/Rybarske-zavody-2.5.2026-page-001-2048x1448.jpg 2048w, https:\/\/zichlinek.eu\/wp-content\/uploads\/2026\/04\/Rybarske-zavody-2.5.2026-page-001-140x99.jpg 140w\" sizes=\"auto, (max-width: 1024px) 100vw, 1024px\" \/><\/figure>\n<\/div>","protected":false},"excerpt":{"rendered":"<p>Mysliveck\u00fd spolek \u017dichl\u00ednek V\u00e1s srde\u010dn\u011b zve na tradi\u010dn\u00ed Ryb\u00e1\u0159sk\u00e9 z\u00e1vody konan\u00e9 v sobotu 2. kv\u011btna 2026 od 6:30. Hlavn\u00ed cena: DIVOK\u00c9 PRASE. &#8212;&#8212;&#8212;&#8212;&#8212;&#8212;&#8212;&#8212;&#8212;&#8212;&#8212;&#8212;&#8212; Ob\u010derstven\u00ed zaji\u0161t\u011bno, p\u0159ihl\u00e1\u0161ky do 30. dubna na&hellip;<\/p>\n","protected":false},"author":5,"featured_media":6024,"comment_status":"closed","ping_status":"closed","sticky":false,"template":"","format":"standard","meta":{"_acf_changed":false,"ngg_post_thumbnail":0,"footnotes":""},"categories":[14,34],"tags":[],"class_list":["post-6023","post","type-post","status-publish","format-standard","has-post-thumbnail","hentry","category-aktuality","category-pozvanky"],"acf":[],"_links":{"self":[{"href":"https:\/\/zichlinek.eu\/index.php?rest_route=\/wp\/v2\/posts\/6023","targetHints":{"allow":["GET"]}}],"collection":[{"href":"https:\/\/zichlinek.eu\/index.php?rest_route=\/wp\/v2\/posts"}],"about":[{"href":"https:\/\/zichlinek.eu\/index.php?rest_route=\/wp\/v2\/types\/post"}],"author":[{"embeddable":true,"href":"https:\/\/zichlinek.eu\/index.php?rest_route=\/wp\/v2\/users\/5"}],"replies":[{"embeddable":true,"href":"https:\/\/zichlinek.eu\/index.php?rest_route=%2Fwp%2Fv2%2Fcomments&post=6023"}],"version-history":[{"count":1,"href":"https:\/\/zichlinek.eu\/index.php?rest_route=\/wp\/v2\/posts\/6023\/revisions"}],"predecessor-version":[{"id":6025,"href":"https:\/\/zichlinek.eu\/index.php?rest_route=\/wp\/v2\/posts\/6023\/revisions\/6025"}],"wp:featuredmedia":[{"embeddable":true,"href":"https:\/\/zichlinek.eu\/index.php?rest_route=\/wp\/v2\/media\/6024"}],"wp:attachment":[{"href":"https:\/\/zichlinek.eu\/index.php?rest_route=%2Fwp%2Fv2%2Fmedia&parent=6023"}],"wp:term":[{"taxonomy":"category","embeddable":true,"href":"https:\/\/zichlinek.eu\/index.php?rest_route=%2Fwp%2Fv2%2Fcategories&post=6023"},{"taxonomy":"post_tag","embeddable":true,"href":"https:\/\/zichlinek.eu\/index.php?rest_route=%2Fwp%2Fv2%2Ftags&post=6023"}],"curies":[{"name":"wp","href":"https:\/\/api.w.org\/{rel}","templated":true}]}}