{"id":5870,"date":"2025-11-30T08:52:00","date_gmt":"2025-11-30T07:52:00","guid":{"rendered":"https:\/\/zichlinek.eu\/?p=5870"},"modified":"2025-12-01T08:55:54","modified_gmt":"2025-12-01T07:55:54","slug":"mikulasske-dilny-nedele-7-12-2025","status":"publish","type":"post","link":"https:\/\/zichlinek.eu\/?p=5870","title":{"rendered":"Mikul\u00e1\u0161sk\u00e9 d\u00edlny &#8211; ned\u011ble 7. 12. 2025"},"content":{"rendered":"\n<p>Spolek rodi\u010d\u016f a O\u00da \u017dichl\u00ednek V\u00e1s srde\u010dn\u011b zve na tradi\u010dn\u00ed MIKUL\u00c1\u0160SK\u00c9 D\u00cdLNY. V ned\u011bli 7. prosince 2025 od 14:00, spole\u010densk\u00fd s\u00e1l \u017dichl\u00ednek.&nbsp;<\/p>\n\n\n\n<p>&#8212;&#8212;&#8212;&#8212;&#8212;&#8212;&#8212;&#8212;&#8212;&#8212;&#8212;&#8212;&#8211;<\/p>\n\n\n\n<p>Malba, tvorba a z\u00e1bava nejen s rodi\u010di, ale i se spoustou kamar\u00e1du a p\u0159\u00e1tel. Ob\u010derstven\u00ed, materi\u00e1l i inspirace zaji\u0161t\u011bna. A mo\u017en\u00e1 p\u0159ijde i \u010cERT!<\/p>\n\n\n<div class=\"wp-block-image\">\n<figure class=\"aligncenter size-large\"><img loading=\"lazy\" decoding=\"async\" width=\"715\" height=\"1024\" src=\"https:\/\/zichlinek.eu\/wp-content\/uploads\/2025\/12\/Naskenovany-dokument-page-001-715x1024.jpg\" alt=\"\" class=\"wp-image-5871\" srcset=\"https:\/\/zichlinek.eu\/wp-content\/uploads\/2025\/12\/Naskenovany-dokument-page-001-715x1024.jpg 715w, https:\/\/zichlinek.eu\/wp-content\/uploads\/2025\/12\/Naskenovany-dokument-page-001-209x300.jpg 209w, https:\/\/zichlinek.eu\/wp-content\/uploads\/2025\/12\/Naskenovany-dokument-page-001-768x1100.jpg 768w, https:\/\/zichlinek.eu\/wp-content\/uploads\/2025\/12\/Naskenovany-dokument-page-001-140x201.jpg 140w\" sizes=\"auto, (max-width: 715px) 100vw, 715px\" \/><\/figure>\n<\/div>","protected":false},"excerpt":{"rendered":"<p>Spolek rodi\u010d\u016f a O\u00da \u017dichl\u00ednek V\u00e1s srde\u010dn\u011b zve na tradi\u010dn\u00ed MIKUL\u00c1\u0160SK\u00c9 D\u00cdLNY. V ned\u011bli 7. prosince 2025 od 14:00, spole\u010densk\u00fd s\u00e1l \u017dichl\u00ednek.&nbsp; &#8212;&#8212;&#8212;&#8212;&#8212;&#8212;&#8212;&#8212;&#8212;&#8212;&#8212;&#8212;&#8211; Malba, tvorba a z\u00e1bava nejen s rodi\u010di,&hellip;<\/p>\n","protected":false},"author":5,"featured_media":5871,"comment_status":"closed","ping_status":"closed","sticky":false,"template":"","format":"standard","meta":{"_acf_changed":false,"ngg_post_thumbnail":0,"footnotes":""},"categories":[14,34],"tags":[],"class_list":["post-5870","post","type-post","status-publish","format-standard","has-post-thumbnail","hentry","category-aktuality","category-pozvanky"],"acf":[],"_links":{"self":[{"href":"https:\/\/zichlinek.eu\/index.php?rest_route=\/wp\/v2\/posts\/5870","targetHints":{"allow":["GET"]}}],"collection":[{"href":"https:\/\/zichlinek.eu\/index.php?rest_route=\/wp\/v2\/posts"}],"about":[{"href":"https:\/\/zichlinek.eu\/index.php?rest_route=\/wp\/v2\/types\/post"}],"author":[{"embeddable":true,"href":"https:\/\/zichlinek.eu\/index.php?rest_route=\/wp\/v2\/users\/5"}],"replies":[{"embeddable":true,"href":"https:\/\/zichlinek.eu\/index.php?rest_route=%2Fwp%2Fv2%2Fcomments&post=5870"}],"version-history":[{"count":1,"href":"https:\/\/zichlinek.eu\/index.php?rest_route=\/wp\/v2\/posts\/5870\/revisions"}],"predecessor-version":[{"id":5872,"href":"https:\/\/zichlinek.eu\/index.php?rest_route=\/wp\/v2\/posts\/5870\/revisions\/5872"}],"wp:featuredmedia":[{"embeddable":true,"href":"https:\/\/zichlinek.eu\/index.php?rest_route=\/wp\/v2\/media\/5871"}],"wp:attachment":[{"href":"https:\/\/zichlinek.eu\/index.php?rest_route=%2Fwp%2Fv2%2Fmedia&parent=5870"}],"wp:term":[{"taxonomy":"category","embeddable":true,"href":"https:\/\/zichlinek.eu\/index.php?rest_route=%2Fwp%2Fv2%2Fcategories&post=5870"},{"taxonomy":"post_tag","embeddable":true,"href":"https:\/\/zichlinek.eu\/index.php?rest_route=%2Fwp%2Fv2%2Ftags&post=5870"}],"curies":[{"name":"wp","href":"https:\/\/api.w.org\/{rel}","templated":true}]}}