{"id":5795,"date":"2025-11-11T19:53:06","date_gmt":"2025-11-11T18:53:06","guid":{"rendered":"https:\/\/zichlinek.eu\/?p=5795"},"modified":"2025-11-12T08:28:15","modified_gmt":"2025-11-12T07:28:15","slug":"prosime-pozor-ohnisko-ptaci-chripky","status":"publish","type":"post","link":"https:\/\/zichlinek.eu\/?p=5795","title":{"rendered":"PROS\u00cdME POZOR!! OHNISKO PTA\u010c\u00cd CH\u0158IPKY"},"content":{"rendered":"\n<p>Dnes, v \u00fater\u00fd 11. 11. 2025 byl v bl\u00edzkosti na\u0161\u00ed obce potvrzen v\u00fdskyt pta\u010d\u00ed ch\u0159ipky. <\/p>\n\n\n\n<p>&#8212;&#8212;&#8212;&#8212;&#8212;&#8212;&#8212;&#8212;&#8212;&#8212;&#8212;&#8212;&#8212; <\/p>\n\n\n\n<p>V chovu dr\u016fbe\u017ee v Albrechtic\u00edch u Lan\u0161krouna do\u0161lo dnes k v\u00fdskytu pta\u010d\u00ed ch\u0159ipky. V sou\u010dasn\u00e9 dob\u011b prob\u00edh\u00e1 jedn\u00e1n\u00ed Ministerstva zem\u011bd\u011blstv\u00ed a St\u00e1tn\u00ed veterin\u00e1rn\u00ed spr\u00e1vy. O p\u0159\u00edpadn\u00fdch opat\u0159en\u00edch na \u00fazem\u00ed na\u0161\u00ed obce budeme informovat. \u00a0\u00a0<\/p>\n\n\n<div class=\"wp-block-image\">\n<figure class=\"aligncenter size-full\"><img loading=\"lazy\" decoding=\"async\" width=\"560\" height=\"401\" src=\"https:\/\/zichlinek.eu\/wp-content\/uploads\/2025\/11\/IHA98914c_shutterstock_1103310314.jpg\" alt=\"\" class=\"wp-image-5796\" srcset=\"https:\/\/zichlinek.eu\/wp-content\/uploads\/2025\/11\/IHA98914c_shutterstock_1103310314.jpg 560w, https:\/\/zichlinek.eu\/wp-content\/uploads\/2025\/11\/IHA98914c_shutterstock_1103310314-300x215.jpg 300w, https:\/\/zichlinek.eu\/wp-content\/uploads\/2025\/11\/IHA98914c_shutterstock_1103310314-140x100.jpg 140w\" sizes=\"auto, (max-width: 560px) 100vw, 560px\" \/><\/figure>\n<\/div>","protected":false},"excerpt":{"rendered":"<p>Dnes, v \u00fater\u00fd 11. 11. 2025 byl v bl\u00edzkosti na\u0161\u00ed obce potvrzen v\u00fdskyt pta\u010d\u00ed ch\u0159ipky. &#8212;&#8212;&#8212;&#8212;&#8212;&#8212;&#8212;&#8212;&#8212;&#8212;&#8212;&#8212;&#8212; V chovu dr\u016fbe\u017ee v Albrechtic\u00edch u Lan\u0161krouna do\u0161lo dnes k v\u00fdskytu pta\u010d\u00ed ch\u0159ipky. V&hellip;<\/p>\n","protected":false},"author":5,"featured_media":5623,"comment_status":"closed","ping_status":"closed","sticky":false,"template":"","format":"standard","meta":{"_acf_changed":false,"ngg_post_thumbnail":0,"footnotes":""},"categories":[14],"tags":[],"class_list":["post-5795","post","type-post","status-publish","format-standard","has-post-thumbnail","hentry","category-aktuality"],"acf":[],"_links":{"self":[{"href":"https:\/\/zichlinek.eu\/index.php?rest_route=\/wp\/v2\/posts\/5795","targetHints":{"allow":["GET"]}}],"collection":[{"href":"https:\/\/zichlinek.eu\/index.php?rest_route=\/wp\/v2\/posts"}],"about":[{"href":"https:\/\/zichlinek.eu\/index.php?rest_route=\/wp\/v2\/types\/post"}],"author":[{"embeddable":true,"href":"https:\/\/zichlinek.eu\/index.php?rest_route=\/wp\/v2\/users\/5"}],"replies":[{"embeddable":true,"href":"https:\/\/zichlinek.eu\/index.php?rest_route=%2Fwp%2Fv2%2Fcomments&post=5795"}],"version-history":[{"count":1,"href":"https:\/\/zichlinek.eu\/index.php?rest_route=\/wp\/v2\/posts\/5795\/revisions"}],"predecessor-version":[{"id":5797,"href":"https:\/\/zichlinek.eu\/index.php?rest_route=\/wp\/v2\/posts\/5795\/revisions\/5797"}],"wp:featuredmedia":[{"embeddable":true,"href":"https:\/\/zichlinek.eu\/index.php?rest_route=\/wp\/v2\/media\/5623"}],"wp:attachment":[{"href":"https:\/\/zichlinek.eu\/index.php?rest_route=%2Fwp%2Fv2%2Fmedia&parent=5795"}],"wp:term":[{"taxonomy":"category","embeddable":true,"href":"https:\/\/zichlinek.eu\/index.php?rest_route=%2Fwp%2Fv2%2Fcategories&post=5795"},{"taxonomy":"post_tag","embeddable":true,"href":"https:\/\/zichlinek.eu\/index.php?rest_route=%2Fwp%2Fv2%2Ftags&post=5795"}],"curies":[{"name":"wp","href":"https:\/\/api.w.org\/{rel}","templated":true}]}}