{"id":5792,"date":"2025-11-10T12:17:07","date_gmt":"2025-11-10T11:17:07","guid":{"rendered":"https:\/\/zichlinek.eu\/?p=5792"},"modified":"2025-11-10T12:17:10","modified_gmt":"2025-11-10T11:17:10","slug":"mikulas-s-certem-az-k-vam-domu","status":"publish","type":"post","link":"https:\/\/zichlinek.eu\/?p=5792","title":{"rendered":"Mikul\u00e1\u0161 s \u010dertem a\u017e k V\u00e1m dom\u016f."},"content":{"rendered":"\n<p>Obec \u017dichl\u00ednek pro V\u00e1s op\u011bt p\u0159ipravuje ji\u017e tradi\u010dn\u00ed a velmi obl\u00edbenou akci &#8222;Mikul\u00e1\u0161 s \u010derty k V\u00e1m dom\u016f&#8220;. Nev\u00e1hejte a objedn\u00e1vejte na adrese <strong><a href=\"mailto:peklo@zichlinek.eu\">peklo@zichlinek.eu<\/a>\u00a0<\/strong>nejpozd\u011bji do 1. 12. 2025.<\/p>\n\n\n<div class=\"wp-block-image\">\n<figure class=\"aligncenter size-large\"><img loading=\"lazy\" decoding=\"async\" width=\"1024\" height=\"512\" src=\"https:\/\/zichlinek.eu\/wp-content\/uploads\/2025\/11\/pozvankanaobjednanimikulasedomu2024-page-001-1024x512.jpg\" alt=\"\" class=\"wp-image-5793\" srcset=\"https:\/\/zichlinek.eu\/wp-content\/uploads\/2025\/11\/pozvankanaobjednanimikulasedomu2024-page-001-1024x512.jpg 1024w, https:\/\/zichlinek.eu\/wp-content\/uploads\/2025\/11\/pozvankanaobjednanimikulasedomu2024-page-001-300x150.jpg 300w, https:\/\/zichlinek.eu\/wp-content\/uploads\/2025\/11\/pozvankanaobjednanimikulasedomu2024-page-001-768x384.jpg 768w, https:\/\/zichlinek.eu\/wp-content\/uploads\/2025\/11\/pozvankanaobjednanimikulasedomu2024-page-001-1536x768.jpg 1536w, https:\/\/zichlinek.eu\/wp-content\/uploads\/2025\/11\/pozvankanaobjednanimikulasedomu2024-page-001-2048x1024.jpg 2048w, https:\/\/zichlinek.eu\/wp-content\/uploads\/2025\/11\/pozvankanaobjednanimikulasedomu2024-page-001-140x70.jpg 140w\" sizes=\"auto, (max-width: 1024px) 100vw, 1024px\" \/><\/figure>\n<\/div>","protected":false},"excerpt":{"rendered":"<p>Obec \u017dichl\u00ednek pro V\u00e1s op\u011bt p\u0159ipravuje ji\u017e tradi\u010dn\u00ed a velmi obl\u00edbenou akci &#8222;Mikul\u00e1\u0161 s \u010derty k V\u00e1m dom\u016f&#8220;. Nev\u00e1hejte a objedn\u00e1vejte na adrese peklo@zichlinek.eu\u00a0nejpozd\u011bji do 1. 12. 2025.<\/p>\n","protected":false},"author":5,"featured_media":5793,"comment_status":"closed","ping_status":"closed","sticky":false,"template":"","format":"standard","meta":{"_acf_changed":false,"ngg_post_thumbnail":0,"footnotes":""},"categories":[14,34],"tags":[],"class_list":["post-5792","post","type-post","status-publish","format-standard","has-post-thumbnail","hentry","category-aktuality","category-pozvanky"],"acf":[],"_links":{"self":[{"href":"https:\/\/zichlinek.eu\/index.php?rest_route=\/wp\/v2\/posts\/5792","targetHints":{"allow":["GET"]}}],"collection":[{"href":"https:\/\/zichlinek.eu\/index.php?rest_route=\/wp\/v2\/posts"}],"about":[{"href":"https:\/\/zichlinek.eu\/index.php?rest_route=\/wp\/v2\/types\/post"}],"author":[{"embeddable":true,"href":"https:\/\/zichlinek.eu\/index.php?rest_route=\/wp\/v2\/users\/5"}],"replies":[{"embeddable":true,"href":"https:\/\/zichlinek.eu\/index.php?rest_route=%2Fwp%2Fv2%2Fcomments&post=5792"}],"version-history":[{"count":1,"href":"https:\/\/zichlinek.eu\/index.php?rest_route=\/wp\/v2\/posts\/5792\/revisions"}],"predecessor-version":[{"id":5794,"href":"https:\/\/zichlinek.eu\/index.php?rest_route=\/wp\/v2\/posts\/5792\/revisions\/5794"}],"wp:featuredmedia":[{"embeddable":true,"href":"https:\/\/zichlinek.eu\/index.php?rest_route=\/wp\/v2\/media\/5793"}],"wp:attachment":[{"href":"https:\/\/zichlinek.eu\/index.php?rest_route=%2Fwp%2Fv2%2Fmedia&parent=5792"}],"wp:term":[{"taxonomy":"category","embeddable":true,"href":"https:\/\/zichlinek.eu\/index.php?rest_route=%2Fwp%2Fv2%2Fcategories&post=5792"},{"taxonomy":"post_tag","embeddable":true,"href":"https:\/\/zichlinek.eu\/index.php?rest_route=%2Fwp%2Fv2%2Ftags&post=5792"}],"curies":[{"name":"wp","href":"https:\/\/api.w.org\/{rel}","templated":true}]}}