{"id":5720,"date":"2025-09-04T09:41:04","date_gmt":"2025-09-04T07:41:04","guid":{"rendered":"https:\/\/zichlinek.eu\/?p=5720"},"modified":"2025-09-24T21:41:35","modified_gmt":"2025-09-24T19:41:35","slug":"kanalizace-informacni-setkani-s-obcany","status":"publish","type":"post","link":"https:\/\/zichlinek.eu\/?p=5720","title":{"rendered":"Kanalizace &#8211; informa\u010dn\u00ed setk\u00e1n\u00ed s ob\u010dany"},"content":{"rendered":"\n<p><strong><mark style=\"background-color:rgba(0, 0, 0, 0)\" class=\"has-inline-color has-vivid-red-color\">Informa\u010dn\u00ed setk\u00e1n\u00ed, st\u0159eda 24. 9. 2025 od 17:00, s\u00e1l \u017dichl\u00ednek.<\/mark><\/strong><\/p>\n\n\n\n<p>V\u00e1\u017een\u00ed spoluob\u010dan\u00e9, jak jsme u\u017e n\u011bkolikr\u00e1t zm\u00ednili v r\u00e1mci Zpravodaje, obecn\u00edch str\u00e1nek i soci\u00e1ln\u00edch s\u00edt\u00edch, rozvoj obce je do \u010d\u00edm d\u00e1l v\u011bt\u0161\u00ed m\u00edry ovlivn\u011bn a podm\u00edn\u011bn vybudov\u00e1n\u00edm centr\u00e1ln\u00ed kanalizace. V r\u00e1mci zastupitelstva, po n\u011bkolika sch\u016fzk\u00e1ch s projektanty, starosty okoln\u00edch obc\u00ed i ji\u017e p\u0159ipojen\u00fdmi lidmi bylo p\u0159istoupeno k vypracov\u00e1n\u00ed projektov\u00e9 dokumentace tlakov\u00e9 kanalizace s p\u0159ipojen\u00edm na \u010dist\u00edrnu Lan\u0161kroun.<\/p>\n\n\n\n<p>&#8212;&#8212;&#8212;&#8212;&#8212;&#8212;&#8212;&#8212;&#8212;&#8212;&#8212;&#8212;&#8212;&#8212;&#8212;&#8212;&#8212;&#8212;-<\/p>\n\n\n\n<p>Cel\u00fd projekt je na \u00fapln\u00e9m za\u010d\u00e1tku a pro dolad\u011bn\u00ed v\u0161ech po\u017eadavk\u016f, technick\u00fdch probl\u00e9m\u016f i pro maxim\u00e1ln\u00ed informov\u00e1n\u00ed ve\u0159ejnosti je napl\u00e1nov\u00e1no p\u0159edstaven\u00ed z\u00e1m\u011bru v r\u00e1mci ve\u0159ejn\u00e9 debaty na s\u00e1le v \u017dichl\u00ednku, ve st\u0159edu 24. 9. 2025 od 17:00 za \u00fa\u010dasti projektanta i z\u00e1stupc\u016f obce.<\/p>\n\n\n\n<p>&#8212;&#8212;&#8212;&#8212;&#8212;&#8212;&#8212;&#8212;&#8212;&#8212;&#8212;&#8212;&#8212;&#8212;&#8212;&#8212;&#8212;&#8212;-<\/p>\n\n\n\n<p>N\u00ed\u017ee zve\u0159ejn\u011bn\u00e9 dokumenty obsahuj\u00ed z\u00e1kladn\u00ed informace o chystan\u00e9m z\u00e1m\u011bru, v\u010detn\u011b p\u0159edpokl\u00e1dan\u00fdch term\u00edn\u016f osobn\u00edch prohl\u00eddek projektanta po jednotliv\u00fdch nemovitostech v obci.<\/p>\n\n\n\n<p>&#8212;&#8212;&#8212;&#8212;&#8212;&#8212;&#8212;&#8212;&#8212;&#8212;&#8212;&#8212;&#8212;&#8212;&#8212;&#8212;&#8212;&#8212;-<\/p>\n\n\n\n<p>Pro maxim\u00e1ln\u00ed informovanost V\u00e1s pros\u00edme o \u00fa\u010dast na setk\u00e1n\u00ed. Pro dal\u0161\u00ed informace volejte na tel. +420 731 252 663.<\/p>\n\n\n\n<figure class=\"wp-block-gallery aligncenter has-nested-images columns-default is-cropped wp-block-gallery-1 is-layout-flex wp-block-gallery-is-layout-flex\">\n<figure class=\"wp-block-image size-large\"><img loading=\"lazy\" decoding=\"async\" width=\"724\" height=\"1024\" data-id=\"5721\" src=\"https:\/\/zichlinek.eu\/wp-content\/uploads\/2025\/09\/Zichlinek_DOPIS-OBCANUM-pozvanka-page-001-724x1024.jpg\" alt=\"\" class=\"wp-image-5721\" srcset=\"https:\/\/zichlinek.eu\/wp-content\/uploads\/2025\/09\/Zichlinek_DOPIS-OBCANUM-pozvanka-page-001-724x1024.jpg 724w, https:\/\/zichlinek.eu\/wp-content\/uploads\/2025\/09\/Zichlinek_DOPIS-OBCANUM-pozvanka-page-001-212x300.jpg 212w, https:\/\/zichlinek.eu\/wp-content\/uploads\/2025\/09\/Zichlinek_DOPIS-OBCANUM-pozvanka-page-001-768x1086.jpg 768w, https:\/\/zichlinek.eu\/wp-content\/uploads\/2025\/09\/Zichlinek_DOPIS-OBCANUM-pozvanka-page-001-1086x1536.jpg 1086w, https:\/\/zichlinek.eu\/wp-content\/uploads\/2025\/09\/Zichlinek_DOPIS-OBCANUM-pozvanka-page-001-1448x2048.jpg 1448w, https:\/\/zichlinek.eu\/wp-content\/uploads\/2025\/09\/Zichlinek_DOPIS-OBCANUM-pozvanka-page-001-140x198.jpg 140w, https:\/\/zichlinek.eu\/wp-content\/uploads\/2025\/09\/Zichlinek_DOPIS-OBCANUM-pozvanka-page-001-scaled.jpg 1810w\" sizes=\"auto, (max-width: 724px) 100vw, 724px\" \/><\/figure>\n\n\n\n<figure class=\"wp-block-image size-large\"><img loading=\"lazy\" decoding=\"async\" width=\"724\" height=\"1024\" data-id=\"5722\" src=\"https:\/\/zichlinek.eu\/wp-content\/uploads\/2025\/09\/Zichlinek_DOPIS-OBCANUM-pozvanka-page-002-724x1024.jpg\" alt=\"\" class=\"wp-image-5722\" srcset=\"https:\/\/zichlinek.eu\/wp-content\/uploads\/2025\/09\/Zichlinek_DOPIS-OBCANUM-pozvanka-page-002-724x1024.jpg 724w, https:\/\/zichlinek.eu\/wp-content\/uploads\/2025\/09\/Zichlinek_DOPIS-OBCANUM-pozvanka-page-002-212x300.jpg 212w, https:\/\/zichlinek.eu\/wp-content\/uploads\/2025\/09\/Zichlinek_DOPIS-OBCANUM-pozvanka-page-002-768x1086.jpg 768w, https:\/\/zichlinek.eu\/wp-content\/uploads\/2025\/09\/Zichlinek_DOPIS-OBCANUM-pozvanka-page-002-1086x1536.jpg 1086w, https:\/\/zichlinek.eu\/wp-content\/uploads\/2025\/09\/Zichlinek_DOPIS-OBCANUM-pozvanka-page-002-1448x2048.jpg 1448w, https:\/\/zichlinek.eu\/wp-content\/uploads\/2025\/09\/Zichlinek_DOPIS-OBCANUM-pozvanka-page-002-140x198.jpg 140w, https:\/\/zichlinek.eu\/wp-content\/uploads\/2025\/09\/Zichlinek_DOPIS-OBCANUM-pozvanka-page-002-scaled.jpg 1810w\" sizes=\"auto, (max-width: 724px) 100vw, 724px\" \/><\/figure>\n<\/figure>\n","protected":false},"excerpt":{"rendered":"<p>Informa\u010dn\u00ed setk\u00e1n\u00ed, st\u0159eda 24. 9. 2025 od 17:00, s\u00e1l \u017dichl\u00ednek. V\u00e1\u017een\u00ed spoluob\u010dan\u00e9, jak jsme u\u017e n\u011bkolikr\u00e1t zm\u00ednili v r\u00e1mci Zpravodaje, obecn\u00edch str\u00e1nek i soci\u00e1ln\u00edch s\u00edt\u00edch, rozvoj obce je do \u010d\u00edm&hellip;<\/p>\n","protected":false},"author":5,"featured_media":5723,"comment_status":"closed","ping_status":"closed","sticky":false,"template":"","format":"standard","meta":{"_acf_changed":false,"ngg_post_thumbnail":0,"footnotes":""},"categories":[14,34],"tags":[],"class_list":["post-5720","post","type-post","status-publish","format-standard","has-post-thumbnail","hentry","category-aktuality","category-pozvanky"],"acf":[],"_links":{"self":[{"href":"https:\/\/zichlinek.eu\/index.php?rest_route=\/wp\/v2\/posts\/5720","targetHints":{"allow":["GET"]}}],"collection":[{"href":"https:\/\/zichlinek.eu\/index.php?rest_route=\/wp\/v2\/posts"}],"about":[{"href":"https:\/\/zichlinek.eu\/index.php?rest_route=\/wp\/v2\/types\/post"}],"author":[{"embeddable":true,"href":"https:\/\/zichlinek.eu\/index.php?rest_route=\/wp\/v2\/users\/5"}],"replies":[{"embeddable":true,"href":"https:\/\/zichlinek.eu\/index.php?rest_route=%2Fwp%2Fv2%2Fcomments&post=5720"}],"version-history":[{"count":1,"href":"https:\/\/zichlinek.eu\/index.php?rest_route=\/wp\/v2\/posts\/5720\/revisions"}],"predecessor-version":[{"id":5724,"href":"https:\/\/zichlinek.eu\/index.php?rest_route=\/wp\/v2\/posts\/5720\/revisions\/5724"}],"wp:featuredmedia":[{"embeddable":true,"href":"https:\/\/zichlinek.eu\/index.php?rest_route=\/wp\/v2\/media\/5723"}],"wp:attachment":[{"href":"https:\/\/zichlinek.eu\/index.php?rest_route=%2Fwp%2Fv2%2Fmedia&parent=5720"}],"wp:term":[{"taxonomy":"category","embeddable":true,"href":"https:\/\/zichlinek.eu\/index.php?rest_route=%2Fwp%2Fv2%2Fcategories&post=5720"},{"taxonomy":"post_tag","embeddable":true,"href":"https:\/\/zichlinek.eu\/index.php?rest_route=%2Fwp%2Fv2%2Ftags&post=5720"}],"curies":[{"name":"wp","href":"https:\/\/api.w.org\/{rel}","templated":true}]}}