{"id":5717,"date":"2025-08-30T07:14:39","date_gmt":"2025-08-30T05:14:39","guid":{"rendered":"https:\/\/zichlinek.eu\/?p=5717"},"modified":"2025-08-30T07:14:40","modified_gmt":"2025-08-30T05:14:40","slug":"zichlinsky-skerpal-sobota-6-9-2025","status":"publish","type":"post","link":"https:\/\/zichlinek.eu\/?p=5717","title":{"rendered":"\u017dICHL\u00cdNSK\u00dd \u0160KERP\u00c1L &#8211; SOBOTA 6. 9. 2025"},"content":{"rendered":"\n<p>Zveme V\u00e1s na tradi\u010dn\u00ed \u017dichl\u00ednsk\u00fd \u0161kerp\u00e1l &#8211; v sobotu 6. 9. 2025 od 8:30. Trasa pro d\u011bti i dosp\u011bl\u00e9, spousta sout\u011b\u017e\u00ed i odm\u011bn a z\u00e1v\u011brem op\u00e9k\u00e1n\u00ed \u0161pek\u00e1\u010dku a p\u0159ipraven\u00e9 ob\u010derstven\u00ed.<\/p>\n\n\n\n<p>\u00da\u010dastnit se mohou i senio\u0159i s ko\u010d\u00e1rkem &#8211; trasa je vhodn\u00e1 pro v\u0161echny generaci i vozidla.<\/p>\n\n\n\n<p>Registrace p\u0159ed pohostinstv\u00edm U Filip\u016f od 8:30 do 9:00.<\/p>\n\n\n<div class=\"wp-block-image\">\n<figure class=\"aligncenter size-large\"><img loading=\"lazy\" decoding=\"async\" width=\"724\" height=\"1024\" src=\"https:\/\/zichlinek.eu\/wp-content\/uploads\/2025\/08\/Zichlinsky-Skerpal-2025_A3_nove-datum-724x1024.jpg\" alt=\"\" class=\"wp-image-5718\" srcset=\"https:\/\/zichlinek.eu\/wp-content\/uploads\/2025\/08\/Zichlinsky-Skerpal-2025_A3_nove-datum-724x1024.jpg 724w, https:\/\/zichlinek.eu\/wp-content\/uploads\/2025\/08\/Zichlinsky-Skerpal-2025_A3_nove-datum-212x300.jpg 212w, https:\/\/zichlinek.eu\/wp-content\/uploads\/2025\/08\/Zichlinsky-Skerpal-2025_A3_nove-datum-768x1086.jpg 768w, https:\/\/zichlinek.eu\/wp-content\/uploads\/2025\/08\/Zichlinsky-Skerpal-2025_A3_nove-datum-1087x1536.jpg 1087w, https:\/\/zichlinek.eu\/wp-content\/uploads\/2025\/08\/Zichlinsky-Skerpal-2025_A3_nove-datum-140x198.jpg 140w, https:\/\/zichlinek.eu\/wp-content\/uploads\/2025\/08\/Zichlinsky-Skerpal-2025_A3_nove-datum.jpg 1170w\" sizes=\"auto, (max-width: 724px) 100vw, 724px\" \/><\/figure>\n<\/div>","protected":false},"excerpt":{"rendered":"<p>Zveme V\u00e1s na tradi\u010dn\u00ed \u017dichl\u00ednsk\u00fd \u0161kerp\u00e1l &#8211; v sobotu 6. 9. 2025 od 8:30. Trasa pro d\u011bti i dosp\u011bl\u00e9, spousta sout\u011b\u017e\u00ed i odm\u011bn a z\u00e1v\u011brem op\u00e9k\u00e1n\u00ed \u0161pek\u00e1\u010dku a p\u0159ipraven\u00e9 ob\u010derstven\u00ed.&hellip;<\/p>\n","protected":false},"author":5,"featured_media":5718,"comment_status":"closed","ping_status":"closed","sticky":false,"template":"","format":"standard","meta":{"_acf_changed":false,"ngg_post_thumbnail":0,"footnotes":""},"categories":[14,34],"tags":[],"class_list":["post-5717","post","type-post","status-publish","format-standard","has-post-thumbnail","hentry","category-aktuality","category-pozvanky"],"acf":[],"_links":{"self":[{"href":"https:\/\/zichlinek.eu\/index.php?rest_route=\/wp\/v2\/posts\/5717","targetHints":{"allow":["GET"]}}],"collection":[{"href":"https:\/\/zichlinek.eu\/index.php?rest_route=\/wp\/v2\/posts"}],"about":[{"href":"https:\/\/zichlinek.eu\/index.php?rest_route=\/wp\/v2\/types\/post"}],"author":[{"embeddable":true,"href":"https:\/\/zichlinek.eu\/index.php?rest_route=\/wp\/v2\/users\/5"}],"replies":[{"embeddable":true,"href":"https:\/\/zichlinek.eu\/index.php?rest_route=%2Fwp%2Fv2%2Fcomments&post=5717"}],"version-history":[{"count":1,"href":"https:\/\/zichlinek.eu\/index.php?rest_route=\/wp\/v2\/posts\/5717\/revisions"}],"predecessor-version":[{"id":5719,"href":"https:\/\/zichlinek.eu\/index.php?rest_route=\/wp\/v2\/posts\/5717\/revisions\/5719"}],"wp:featuredmedia":[{"embeddable":true,"href":"https:\/\/zichlinek.eu\/index.php?rest_route=\/wp\/v2\/media\/5718"}],"wp:attachment":[{"href":"https:\/\/zichlinek.eu\/index.php?rest_route=%2Fwp%2Fv2%2Fmedia&parent=5717"}],"wp:term":[{"taxonomy":"category","embeddable":true,"href":"https:\/\/zichlinek.eu\/index.php?rest_route=%2Fwp%2Fv2%2Fcategories&post=5717"},{"taxonomy":"post_tag","embeddable":true,"href":"https:\/\/zichlinek.eu\/index.php?rest_route=%2Fwp%2Fv2%2Ftags&post=5717"}],"curies":[{"name":"wp","href":"https:\/\/api.w.org\/{rel}","templated":true}]}}