{"id":5554,"date":"2025-02-25T08:24:29","date_gmt":"2025-02-25T07:24:29","guid":{"rendered":"https:\/\/zichlinek.eu\/?p=5554"},"modified":"2025-02-25T14:33:21","modified_gmt":"2025-02-25T13:33:21","slug":"prosime-pozor-planovana-odstavka-el-energie-26-2-2025","status":"publish","type":"post","link":"https:\/\/zichlinek.eu\/?p=5554","title":{"rendered":"PROS\u00cdME POZOR &#8211; Pl\u00e1novan\u00e1 odst\u00e1vka el. energie 26. 2. 2025"},"content":{"rendered":"\n<p>Spole\u010dnost \u010cez Distribuce oznamuje pl\u00e1novanou odst\u00e1vku elektrick\u00e9 energie ve st\u0159edu 26. 2. 2025 od 7:30 do 9:30 hod. Odst\u00e1vka zahrnuje tato \u010d\u00edsla popisn\u00e1:<\/p>\n\n\n\n<ul class=\"wp-block-list\">\n<li>\u017dichl\u00ednek (okres \u00dast\u00ed nad Orlic\u00ed): \u010d. p. 78, 137, 146, 231, 232, 248, 249, 250, 254, 255, 256<\/li>\n\n\n\n<li>kat. \u00fazem\u00ed \u017dichl\u00ednek (k\u00f3d 796913): parceln\u00ed \u010d. 438, 439, 440, 441, 442, 485, 486<\/li>\n<\/ul>\n\n\n\n<div data-wp-interactive=\"core\/file\" class=\"wp-block-file aligncenter\"><object data-wp-bind--hidden=\"!state.hasPdfPreview\" hidden class=\"wp-block-file__embed\" data=\"https:\/\/zichlinek.eu\/wp-content\/uploads\/2025\/02\/Oznameni-o-preruseni-dodavky-elektricke-energie-c.-110061002780-dne-26.2.2025.pdf\" type=\"application\/pdf\" style=\"width:100%;height:600px\" aria-label=\"Vlo\u017eit z Ozn\u00e1men\u00ed o p\u0159eru\u0161en\u00ed dod\u00e1vky elektrick\u00e9 energie \u010d. 110061002780 dne 26.2.2025.\"><\/object><a id=\"wp-block-file--media-175dbc35-c330-4b18-9a57-38e495defd9d\" href=\"https:\/\/zichlinek.eu\/wp-content\/uploads\/2025\/02\/Oznameni-o-preruseni-dodavky-elektricke-energie-c.-110061002780-dne-26.2.2025.pdf\">Ozn\u00e1men\u00ed o p\u0159eru\u0161en\u00ed dod\u00e1vky elektrick\u00e9 energie \u010d. 110061002780 dne 26.2.2025<\/a><a href=\"https:\/\/zichlinek.eu\/wp-content\/uploads\/2025\/02\/Oznameni-o-preruseni-dodavky-elektricke-energie-c.-110061002780-dne-26.2.2025.pdf\" class=\"wp-block-file__button wp-element-button\" download aria-describedby=\"wp-block-file--media-175dbc35-c330-4b18-9a57-38e495defd9d\">St\u00e1hnout<\/a><\/div>\n\n\n\n<div data-wp-interactive=\"core\/file\" class=\"wp-block-file aligncenter\"><object data-wp-bind--hidden=\"!state.hasPdfPreview\" hidden class=\"wp-block-file__embed\" data=\"https:\/\/zichlinek.eu\/wp-content\/uploads\/2025\/02\/Planovana-odstavka-26.2.2025-zahrnuje-tyto-lokality.pdf\" type=\"application\/pdf\" style=\"width:100%;height:600px\" aria-label=\"Vlo\u017eit z Pl\u00e1novan\u00e1 odst\u00e1vka 26.2.2025 zahrnuje tyto lokality.\"><\/object><a id=\"wp-block-file--media-d181d27e-1524-4f5c-9400-a03860efdad4\" href=\"https:\/\/zichlinek.eu\/wp-content\/uploads\/2025\/02\/Planovana-odstavka-26.2.2025-zahrnuje-tyto-lokality.pdf\">Pl\u00e1novan\u00e1 odst\u00e1vka 26.2.2025 zahrnuje tyto lokality<\/a><a href=\"https:\/\/zichlinek.eu\/wp-content\/uploads\/2025\/02\/Planovana-odstavka-26.2.2025-zahrnuje-tyto-lokality.pdf\" class=\"wp-block-file__button wp-element-button\" download aria-describedby=\"wp-block-file--media-d181d27e-1524-4f5c-9400-a03860efdad4\">St\u00e1hnout<\/a><\/div>\n","protected":false},"excerpt":{"rendered":"<p>Spole\u010dnost \u010cez Distribuce oznamuje pl\u00e1novanou odst\u00e1vku elektrick\u00e9 energie ve st\u0159edu 26. 2. 2025 od 7:30 do 9:30 hod. Odst\u00e1vka zahrnuje tato \u010d\u00edsla popisn\u00e1:<\/p>\n","protected":false},"author":5,"featured_media":5204,"comment_status":"closed","ping_status":"closed","sticky":false,"template":"","format":"standard","meta":{"_acf_changed":false,"ngg_post_thumbnail":0,"footnotes":""},"categories":[14,32],"tags":[],"class_list":["post-5554","post","type-post","status-publish","format-standard","has-post-thumbnail","hentry","category-aktuality","category-odstavky"],"acf":[],"_links":{"self":[{"href":"https:\/\/zichlinek.eu\/index.php?rest_route=\/wp\/v2\/posts\/5554","targetHints":{"allow":["GET"]}}],"collection":[{"href":"https:\/\/zichlinek.eu\/index.php?rest_route=\/wp\/v2\/posts"}],"about":[{"href":"https:\/\/zichlinek.eu\/index.php?rest_route=\/wp\/v2\/types\/post"}],"author":[{"embeddable":true,"href":"https:\/\/zichlinek.eu\/index.php?rest_route=\/wp\/v2\/users\/5"}],"replies":[{"embeddable":true,"href":"https:\/\/zichlinek.eu\/index.php?rest_route=%2Fwp%2Fv2%2Fcomments&post=5554"}],"version-history":[{"count":1,"href":"https:\/\/zichlinek.eu\/index.php?rest_route=\/wp\/v2\/posts\/5554\/revisions"}],"predecessor-version":[{"id":5557,"href":"https:\/\/zichlinek.eu\/index.php?rest_route=\/wp\/v2\/posts\/5554\/revisions\/5557"}],"wp:featuredmedia":[{"embeddable":true,"href":"https:\/\/zichlinek.eu\/index.php?rest_route=\/wp\/v2\/media\/5204"}],"wp:attachment":[{"href":"https:\/\/zichlinek.eu\/index.php?rest_route=%2Fwp%2Fv2%2Fmedia&parent=5554"}],"wp:term":[{"taxonomy":"category","embeddable":true,"href":"https:\/\/zichlinek.eu\/index.php?rest_route=%2Fwp%2Fv2%2Fcategories&post=5554"},{"taxonomy":"post_tag","embeddable":true,"href":"https:\/\/zichlinek.eu\/index.php?rest_route=%2Fwp%2Fv2%2Ftags&post=5554"}],"curies":[{"name":"wp","href":"https:\/\/api.w.org\/{rel}","templated":true}]}}