{"id":5269,"date":"2024-09-13T20:59:53","date_gmt":"2024-09-13T18:59:53","guid":{"rendered":"https:\/\/zichlinek.eu\/?p=5269"},"modified":"2024-09-14T07:55:32","modified_gmt":"2024-09-14T05:55:32","slug":"aktualni-povodnova-situace","status":"publish","type":"post","link":"https:\/\/zichlinek.eu\/?p=5269","title":{"rendered":"Aktu\u00e1ln\u00ed povod\u0148ov\u00e1 situace &#8211; sobota 14. 9. 2024 (7:30)"},"content":{"rendered":"\n<p>Dobr\u00e9 a klidn\u00e9 r\u00e1no v\u0161em.<\/p>\n\n\n\n<p>V dne\u0161n\u00edch rann\u00edch hodin\u00e1ch dos\u00e1hla hladina \u0159eky v obci na druh\u00fd povod\u0148ov\u00fd stupe\u0148. Krom\u011b tradi\u010dn\u011b problematick\u00e9ho podjezdu sm\u011br Rychnov na Morav\u011b nezp\u016fsobuje \u0159eka v obci \u017e\u00e1dn\u00e9 v\u00fdrazn\u011bj\u0161\u00ed komplikace.<\/p>\n\n\n\n<p>SDH \u017dichl\u00ednek i \u010dlenov\u00e9 povod\u0148ov\u00e9 komise situaci nad\u00e1le sleduj\u00ed. V p\u0159\u00edpad\u011b jak\u00fdchkoliv komplikac\u00ed V\u00e1s budeme informovat.<\/p>\n\n\n<div class=\"wp-block-image\">\n<figure class=\"aligncenter size-large\"><img loading=\"lazy\" decoding=\"async\" width=\"768\" height=\"1024\" src=\"https:\/\/zichlinek.eu\/wp-content\/uploads\/2024\/09\/43398f98-3463-495e-983a-3b93c312dcc8-768x1024.jpg\" alt=\"\" class=\"wp-image-5277\" srcset=\"https:\/\/zichlinek.eu\/wp-content\/uploads\/2024\/09\/43398f98-3463-495e-983a-3b93c312dcc8-768x1024.jpg 768w, https:\/\/zichlinek.eu\/wp-content\/uploads\/2024\/09\/43398f98-3463-495e-983a-3b93c312dcc8-225x300.jpg 225w, https:\/\/zichlinek.eu\/wp-content\/uploads\/2024\/09\/43398f98-3463-495e-983a-3b93c312dcc8-1152x1536.jpg 1152w, https:\/\/zichlinek.eu\/wp-content\/uploads\/2024\/09\/43398f98-3463-495e-983a-3b93c312dcc8-140x187.jpg 140w, https:\/\/zichlinek.eu\/wp-content\/uploads\/2024\/09\/43398f98-3463-495e-983a-3b93c312dcc8.jpg 1200w\" sizes=\"auto, (max-width: 768px) 100vw, 768px\" \/><\/figure>\n<\/div>","protected":false},"excerpt":{"rendered":"<p>Dobr\u00e9 a klidn\u00e9 r\u00e1no v\u0161em. V dne\u0161n\u00edch rann\u00edch hodin\u00e1ch dos\u00e1hla hladina \u0159eky v obci na druh\u00fd povod\u0148ov\u00fd stupe\u0148. Krom\u011b tradi\u010dn\u011b problematick\u00e9ho podjezdu sm\u011br Rychnov na Morav\u011b nezp\u016fsobuje \u0159eka v obci&hellip;<\/p>\n","protected":false},"author":5,"featured_media":5278,"comment_status":"closed","ping_status":"closed","sticky":false,"template":"","format":"standard","meta":{"_acf_changed":false,"ngg_post_thumbnail":0,"footnotes":""},"categories":[14],"tags":[],"class_list":["post-5269","post","type-post","status-publish","format-standard","has-post-thumbnail","hentry","category-aktuality"],"acf":[],"_links":{"self":[{"href":"https:\/\/zichlinek.eu\/index.php?rest_route=\/wp\/v2\/posts\/5269","targetHints":{"allow":["GET"]}}],"collection":[{"href":"https:\/\/zichlinek.eu\/index.php?rest_route=\/wp\/v2\/posts"}],"about":[{"href":"https:\/\/zichlinek.eu\/index.php?rest_route=\/wp\/v2\/types\/post"}],"author":[{"embeddable":true,"href":"https:\/\/zichlinek.eu\/index.php?rest_route=\/wp\/v2\/users\/5"}],"replies":[{"embeddable":true,"href":"https:\/\/zichlinek.eu\/index.php?rest_route=%2Fwp%2Fv2%2Fcomments&post=5269"}],"version-history":[{"count":3,"href":"https:\/\/zichlinek.eu\/index.php?rest_route=\/wp\/v2\/posts\/5269\/revisions"}],"predecessor-version":[{"id":5279,"href":"https:\/\/zichlinek.eu\/index.php?rest_route=\/wp\/v2\/posts\/5269\/revisions\/5279"}],"wp:featuredmedia":[{"embeddable":true,"href":"https:\/\/zichlinek.eu\/index.php?rest_route=\/wp\/v2\/media\/5278"}],"wp:attachment":[{"href":"https:\/\/zichlinek.eu\/index.php?rest_route=%2Fwp%2Fv2%2Fmedia&parent=5269"}],"wp:term":[{"taxonomy":"category","embeddable":true,"href":"https:\/\/zichlinek.eu\/index.php?rest_route=%2Fwp%2Fv2%2Fcategories&post=5269"},{"taxonomy":"post_tag","embeddable":true,"href":"https:\/\/zichlinek.eu\/index.php?rest_route=%2Fwp%2Fv2%2Ftags&post=5269"}],"curies":[{"name":"wp","href":"https:\/\/api.w.org\/{rel}","templated":true}]}}