{"id":4143,"date":"2008-02-04T00:00:00","date_gmt":"2008-02-03T23:00:00","guid":{"rendered":""},"modified":"-0001-11-30T00:00:00","modified_gmt":"-0001-11-29T22:00:00","slug":"","status":"publish","type":"post","link":"https:\/\/zichlinek.eu\/?p=4143","title":{"rendered":"Starosta obce odstoupil"},"content":{"rendered":"<p>\t\u017dichl\u00ednsk\u00fd starosta Ji\u0159\u00ed \u0160ebrle odstoupil z postu starosty a vzdal se i funkce v zastupitelstvu obce. D\u016fvodem se staly p\u0159etrv\u00e1vaj\u00edc\u00ed zdravotn\u00ed probl\u00e9my. Na mimo\u0159\u00e1dn\u00e9m jedn\u00e1n\u00ed zastupitelstva byl do\u010dasn\u011b \u0159\u00edzen\u00edm obce pov\u011b\u0159en m\u00edstostarosta obce Ing. Otakar \u0158eh\u00e1k. <\/p>\n<p>Nov\u00fdm \u010dlenem zastupitelstva se stal Ing. Ji\u0159\u00ed Kr\u0148\u00e1vek. Programem p\u0159\u00ed\u0161t\u00edho jednan\u00ed obecn\u00edho zastupitelstva, kter\u00e9 se bude konat 7.2.2008, je volba nov\u00e9ho starosty. <\/p>\n","protected":false},"excerpt":{"rendered":"<p>\u017dichl\u00ednsk\u00fd starosta Ji\u0159\u00ed \u0160ebrle odstoupil z postu starosty a vzdal se i funkce v zastupitelstvu obce. D\u016fvodem se staly p\u0159etrv\u00e1vaj\u00edc\u00ed zdravotn\u00ed probl\u00e9my. Na mimo\u0159\u00e1dn\u00e9m jedn\u00e1n\u00ed zastupitelstva byl do\u010dasn\u011b \u0159\u00edzen\u00edm obce&hellip;<\/p>\n","protected":false},"author":0,"featured_media":0,"comment_status":"open","ping_status":"open","sticky":false,"template":"","format":"standard","meta":{"_acf_changed":false,"ngg_post_thumbnail":0,"footnotes":""},"categories":[],"tags":[],"class_list":["post-4143","post","type-post","status-publish","format-standard","hentry"],"acf":[],"_links":{"self":[{"href":"https:\/\/zichlinek.eu\/index.php?rest_route=\/wp\/v2\/posts\/4143","targetHints":{"allow":["GET"]}}],"collection":[{"href":"https:\/\/zichlinek.eu\/index.php?rest_route=\/wp\/v2\/posts"}],"about":[{"href":"https:\/\/zichlinek.eu\/index.php?rest_route=\/wp\/v2\/types\/post"}],"replies":[{"embeddable":true,"href":"https:\/\/zichlinek.eu\/index.php?rest_route=%2Fwp%2Fv2%2Fcomments&post=4143"}],"version-history":[{"count":0,"href":"https:\/\/zichlinek.eu\/index.php?rest_route=\/wp\/v2\/posts\/4143\/revisions"}],"wp:attachment":[{"href":"https:\/\/zichlinek.eu\/index.php?rest_route=%2Fwp%2Fv2%2Fmedia&parent=4143"}],"wp:term":[{"taxonomy":"category","embeddable":true,"href":"https:\/\/zichlinek.eu\/index.php?rest_route=%2Fwp%2Fv2%2Fcategories&post=4143"},{"taxonomy":"post_tag","embeddable":true,"href":"https:\/\/zichlinek.eu\/index.php?rest_route=%2Fwp%2Fv2%2Ftags&post=4143"}],"curies":[{"name":"wp","href":"https:\/\/api.w.org\/{rel}","templated":true}]}}