{"id":4140,"date":"2008-12-06T00:00:00","date_gmt":"2008-12-05T23:00:00","guid":{"rendered":""},"modified":"-0001-11-30T00:00:00","modified_gmt":"-0001-11-29T22:00:00","slug":"","status":"publish","type":"post","link":"https:\/\/zichlinek.eu\/?p=4140","title":{"rendered":"\u017dichl\u00ednek m\u00e1 nov\u00e9ho starostu"},"content":{"rendered":"<p>\tN\u00e1stupcem po odstoupiv\u0161\u00edm dlouholet\u00e9m starostovi obce \u017dichl\u00ednek, kter\u00fdm byl Ji\u0159\u00ed \u0160ebrle, se stal Radovan Filip. Ten se sv\u00e9ho \u00fa\u0159adu ujal 7.2.2008. Nebude to m\u00edt snadn\u00e9. Jeho p\u0159edch\u016fdce p\u0159ijal post ji\u017e roku 1998 a stal se jedn\u00edm z nejkvalitn\u011bj\u0161\u00edch starost\u016f v d\u011bjin\u00e1ch obce.<\/p>\n<p>Panu Filipovi touto cestou blahop\u0159ejeme a p\u0159ejeme mnoho \u00fasp\u011bch\u016f. <\/p>\n","protected":false},"excerpt":{"rendered":"<p>N\u00e1stupcem po odstoupiv\u0161\u00edm dlouholet\u00e9m starostovi obce \u017dichl\u00ednek, kter\u00fdm byl Ji\u0159\u00ed \u0160ebrle, se stal Radovan Filip. Ten se sv\u00e9ho \u00fa\u0159adu ujal 7.2.2008. Nebude to m\u00edt snadn\u00e9. Jeho p\u0159edch\u016fdce p\u0159ijal post ji\u017e&hellip;<\/p>\n","protected":false},"author":0,"featured_media":0,"comment_status":"open","ping_status":"open","sticky":false,"template":"","format":"standard","meta":{"_acf_changed":false,"ngg_post_thumbnail":0,"footnotes":""},"categories":[],"tags":[],"class_list":["post-4140","post","type-post","status-publish","format-standard","hentry"],"acf":[],"_links":{"self":[{"href":"https:\/\/zichlinek.eu\/index.php?rest_route=\/wp\/v2\/posts\/4140","targetHints":{"allow":["GET"]}}],"collection":[{"href":"https:\/\/zichlinek.eu\/index.php?rest_route=\/wp\/v2\/posts"}],"about":[{"href":"https:\/\/zichlinek.eu\/index.php?rest_route=\/wp\/v2\/types\/post"}],"replies":[{"embeddable":true,"href":"https:\/\/zichlinek.eu\/index.php?rest_route=%2Fwp%2Fv2%2Fcomments&post=4140"}],"version-history":[{"count":0,"href":"https:\/\/zichlinek.eu\/index.php?rest_route=\/wp\/v2\/posts\/4140\/revisions"}],"wp:attachment":[{"href":"https:\/\/zichlinek.eu\/index.php?rest_route=%2Fwp%2Fv2%2Fmedia&parent=4140"}],"wp:term":[{"taxonomy":"category","embeddable":true,"href":"https:\/\/zichlinek.eu\/index.php?rest_route=%2Fwp%2Fv2%2Fcategories&post=4140"},{"taxonomy":"post_tag","embeddable":true,"href":"https:\/\/zichlinek.eu\/index.php?rest_route=%2Fwp%2Fv2%2Ftags&post=4140"}],"curies":[{"name":"wp","href":"https:\/\/api.w.org\/{rel}","templated":true}]}}