{"id":4139,"date":"2008-12-09T00:00:00","date_gmt":"2008-12-08T23:00:00","guid":{"rendered":""},"modified":"-0001-11-30T00:00:00","modified_gmt":"-0001-11-29T22:00:00","slug":"","status":"publish","type":"post","link":"https:\/\/zichlinek.eu\/?p=4139","title":{"rendered":"Zima je\u0161t\u011b neskon\u010dila!"},"content":{"rendered":"<p>\t\u0158idi\u010de dod\u00e1vkov\u00e9ho automobilu IVECO zasko\u010dila dnes po osm\u00e9 hodin\u011b namrzl\u00e1 vozovka u \u017eelezni\u010dn\u00edho podjezdu mezi obcemi \u017dichl\u00ednek a Rychnov na Morav\u011b. V pravoto\u010div\u00e9 zat\u00e1\u010dce dostal smyk, nezvl\u00e1dl \u0159\u00edzen\u00ed, s vozidlem se oto\u010dil do protism\u011bru a p\u0159evr\u00e1til na svah pod\u00e9l vozovky. Nehoda si na\u0161t\u011bst\u00ed nevy\u017e\u00e1dala \u017e\u00e1dn\u00e9 zran\u011bn\u00ed. Na vozidle, kter\u00e9 vyprostili hasi\u010di byla jen zanedbateln\u00e1 \u0161koda. <\/p>\n<p>U stejn\u00e9ho \u017eelezni\u010dn\u00edho podjezdu do\u0161lo k nehod\u011b i v\u010dera kolem sedm\u00e9 hodiny r\u00e1no. <\/p>\n<p>Tepl\u00e9 po\u010das\u00ed p\u0159edchoz\u00edch dn\u00ed mo\u017en\u00e1 inspirovalo n\u011bkter\u00e9 \u0159idi\u010de k odv\u00e1\u017en\u011bj\u0161\u00ed j\u00edzd\u011b. Pohled do kalend\u00e1\u0159e, na teplom\u011br i na dne\u0161n\u00ed nehody v\u0161ak nab\u00e1d\u00e1 k v\u011bt\u0161\u00ed opatrnosti! <\/p>\n","protected":false},"excerpt":{"rendered":"<p>\u0158idi\u010de dod\u00e1vkov\u00e9ho automobilu IVECO zasko\u010dila dnes po osm\u00e9 hodin\u011b namrzl\u00e1 vozovka u \u017eelezni\u010dn\u00edho podjezdu mezi obcemi \u017dichl\u00ednek a Rychnov na Morav\u011b. V pravoto\u010div\u00e9 zat\u00e1\u010dce dostal smyk, nezvl\u00e1dl \u0159\u00edzen\u00ed, s vozidlem&hellip;<\/p>\n","protected":false},"author":0,"featured_media":0,"comment_status":"open","ping_status":"open","sticky":false,"template":"","format":"standard","meta":{"_acf_changed":false,"ngg_post_thumbnail":0,"footnotes":""},"categories":[],"tags":[],"class_list":["post-4139","post","type-post","status-publish","format-standard","hentry"],"acf":[],"_links":{"self":[{"href":"https:\/\/zichlinek.eu\/index.php?rest_route=\/wp\/v2\/posts\/4139","targetHints":{"allow":["GET"]}}],"collection":[{"href":"https:\/\/zichlinek.eu\/index.php?rest_route=\/wp\/v2\/posts"}],"about":[{"href":"https:\/\/zichlinek.eu\/index.php?rest_route=\/wp\/v2\/types\/post"}],"replies":[{"embeddable":true,"href":"https:\/\/zichlinek.eu\/index.php?rest_route=%2Fwp%2Fv2%2Fcomments&post=4139"}],"version-history":[{"count":0,"href":"https:\/\/zichlinek.eu\/index.php?rest_route=\/wp\/v2\/posts\/4139\/revisions"}],"wp:attachment":[{"href":"https:\/\/zichlinek.eu\/index.php?rest_route=%2Fwp%2Fv2%2Fmedia&parent=4139"}],"wp:term":[{"taxonomy":"category","embeddable":true,"href":"https:\/\/zichlinek.eu\/index.php?rest_route=%2Fwp%2Fv2%2Fcategories&post=4139"},{"taxonomy":"post_tag","embeddable":true,"href":"https:\/\/zichlinek.eu\/index.php?rest_route=%2Fwp%2Fv2%2Ftags&post=4139"}],"curies":[{"name":"wp","href":"https:\/\/api.w.org\/{rel}","templated":true}]}}