{"id":4137,"date":"2010-08-20T00:00:00","date_gmt":"2010-08-19T22:00:00","guid":{"rendered":""},"modified":"-0001-11-30T00:00:00","modified_gmt":"-0001-11-29T22:00:00","slug":"","status":"publish","type":"post","link":"https:\/\/zichlinek.eu\/?p=4137","title":{"rendered":"Policie vy\u0161et\u0159uje Povod\u00ed Moravy"},"content":{"rendered":"<p>\tHospoda\u0159en\u00edm st\u00e1tn\u00edho podniku Povod\u00ed Moravy se za\u010dala zab\u00fdvat policie. Nov\u00e9 veden\u00ed podniku podalo trestn\u00ed ozn\u00e1men\u00ed na nezn\u00e1m\u00e9ho pachatele kv\u016fli 24 pochybn\u00fdm zak\u00e1zk\u00e1m a projekt\u016fm z minulosti za celkem asi 41 milion\u016f korun.<\/p>\n<p>Policie se zab\u00fdv\u00e1 mimo jin\u00e9 podhodnocen\u00fdmi pron\u00e1jmy, nev\u00fdhodn\u00fdm prodejem nemovitost\u00ed nebo n\u00e1kupem nefunk\u010dn\u00edho softwaru. \u201eJe podez\u0159en\u00ed ze sp\u00e1ch\u00e1n\u00ed trestn\u00e9ho \u010dinu poru\u0161ov\u00e1n\u00ed povinnosti p\u0159i spr\u00e1v\u011b ciz\u00edho majetku. Prov\u011b\u0159ov\u00e1n\u00ed je na sam\u00e9m za\u010d\u00e1tku,\u201c \u0159ekl \u010cesk\u00e9 televizi mluv\u010d\u00ed M\u011bstsk\u00e9ho st\u00e1tn\u00edho zastupitelstv\u00ed v Brn\u011b Vladim\u00edr Kutnohorsk\u00fd. Prvn\u00ed v\u00fdsledky vy\u0161et\u0159ov\u00e1n\u00ed maj\u00ed b\u00fdt zn\u00e1my na podzim.<\/p>\n<p>Jihomoravsk\u00e1 policejn\u00ed mluv\u010d\u00ed Andrea Proch\u00e1zkov\u00e1 \u0159ekla, \u017ee policie p\u0159ijala pom\u011brn\u011b obs\u00e1hl\u00e9 ozn\u00e1men\u00ed, kter\u00e9 m\u00e1 n\u011bkolik bod\u016f. Mluv\u010d\u00ed Povod\u00ed Moravy Eva Grodov\u00e1 dodala, \u017ee nem\u016f\u017ee poskytovat informace, dokud nebude ukon\u010deno trestn\u00ed \u0159\u00edzen\u00ed. Podle neofici\u00e1ln\u00edch informac\u00ed m\u011bl zak\u00e1zky na starosti investi\u010dn\u00ed odbor.<\/p>\n<p>Podnik \u010delil policejn\u00edmu vy\u0161et\u0159ov\u00e1n\u00ed u\u017e jednou, kv\u016fli zak\u00e1zce na stavbu poldru \u017dichl\u00ednek na Orlicko\u00fastecku. Tam je\u0161t\u011b trestn\u00ed \u0159\u00edzen\u00ed neskon\u010dilo, p\u0159edchoz\u00ed veden\u00ed podniku nedodalo \u010d\u00e1st podklad\u016f.<\/p>\n","protected":false},"excerpt":{"rendered":"<p>Hospoda\u0159en\u00edm st\u00e1tn\u00edho podniku Povod\u00ed Moravy se za\u010dala zab\u00fdvat policie. Nov\u00e9 veden\u00ed podniku podalo trestn\u00ed ozn\u00e1men\u00ed na nezn\u00e1m\u00e9ho pachatele kv\u016fli 24 pochybn\u00fdm zak\u00e1zk\u00e1m a projekt\u016fm z minulosti za celkem asi 41&hellip;<\/p>\n","protected":false},"author":0,"featured_media":0,"comment_status":"open","ping_status":"open","sticky":false,"template":"","format":"standard","meta":{"_acf_changed":false,"ngg_post_thumbnail":0,"footnotes":""},"categories":[],"tags":[],"class_list":["post-4137","post","type-post","status-publish","format-standard","hentry"],"acf":[],"_links":{"self":[{"href":"https:\/\/zichlinek.eu\/index.php?rest_route=\/wp\/v2\/posts\/4137","targetHints":{"allow":["GET"]}}],"collection":[{"href":"https:\/\/zichlinek.eu\/index.php?rest_route=\/wp\/v2\/posts"}],"about":[{"href":"https:\/\/zichlinek.eu\/index.php?rest_route=\/wp\/v2\/types\/post"}],"replies":[{"embeddable":true,"href":"https:\/\/zichlinek.eu\/index.php?rest_route=%2Fwp%2Fv2%2Fcomments&post=4137"}],"version-history":[{"count":0,"href":"https:\/\/zichlinek.eu\/index.php?rest_route=\/wp\/v2\/posts\/4137\/revisions"}],"wp:attachment":[{"href":"https:\/\/zichlinek.eu\/index.php?rest_route=%2Fwp%2Fv2%2Fmedia&parent=4137"}],"wp:term":[{"taxonomy":"category","embeddable":true,"href":"https:\/\/zichlinek.eu\/index.php?rest_route=%2Fwp%2Fv2%2Fcategories&post=4137"},{"taxonomy":"post_tag","embeddable":true,"href":"https:\/\/zichlinek.eu\/index.php?rest_route=%2Fwp%2Fv2%2Ftags&post=4137"}],"curies":[{"name":"wp","href":"https:\/\/api.w.org\/{rel}","templated":true}]}}